{"id":651,"date":"2020-01-11T20:23:00","date_gmt":"2020-01-11T20:23:00","guid":{"rendered":"http:\/\/localhost\/elcarme\/?p=651"},"modified":"2020-01-11T20:23:00","modified_gmt":"2020-01-11T20:23:00","slug":"dar-es-felicidad-2","status":"publish","type":"post","link":"https:\/\/www.elcarmelolima.edu.pe\/inicio\/dar-es-felicidad-2\/","title":{"rendered":"Dar es Felicidad"},"content":{"rendered":"<p>[vc_row][vc_column][vc_column_text]El dia de ma\u00f1ana se va a realizar un evento muy importante donde daremos lo mejor de nosotros no lo que nos sobra si no lo mas bonito de la vida DAR FELICIDAD. Este 06 de diciembre a als 8:00am en Lurin nuestra presentaci\u00f3n por inicio de nuestra fiesta Navide\u00f1a, a horas 10am en VillaAlejandro y a las 12:00 en Julio C. Tello Puente de Lur\u00edn.[\/vc_column_text][\/vc_column][\/vc_row]<\/p>\n","protected":false},"excerpt":{"rendered":"<p>Este domingo inicia la segunda etapa del Torneo IFA7. Nuestros alumnos de las categor\u00edas 2004 y 2006 iniciaran un nuevo reto.<\/p>\n","protected":false},"author":1,"featured_media":641,"comment_status":"open","ping_status":"open","sticky":false,"template":"","format":"standard","meta":{"_joinchat":[]},"categories":[6],"tags":[],"_links":{"self":[{"href":"https:\/\/www.elcarmelolima.edu.pe\/inicio\/wp-json\/wp\/v2\/posts\/651"}],"collection":[{"href":"https:\/\/www.elcarmelolima.edu.pe\/inicio\/wp-json\/wp\/v2\/posts"}],"about":[{"href":"https:\/\/www.elcarmelolima.edu.pe\/inicio\/wp-json\/wp\/v2\/types\/post"}],"author":[{"embeddable":true,"href":"https:\/\/www.elcarmelolima.edu.pe\/inicio\/wp-json\/wp\/v2\/users\/1"}],"replies":[{"embeddable":true,"href":"https:\/\/www.elcarmelolima.edu.pe\/inicio\/wp-json\/wp\/v2\/comments?post=651"}],"version-history":[{"count":1,"href":"https:\/\/www.elcarmelolima.edu.pe\/inicio\/wp-json\/wp\/v2\/posts\/651\/revisions"}],"predecessor-version":[{"id":652,"href":"https:\/\/www.elcarmelolima.edu.pe\/inicio\/wp-json\/wp\/v2\/posts\/651\/revisions\/652"}],"wp:featuredmedia":[{"embeddable":true,"href":"https:\/\/www.elcarmelolima.edu.pe\/inicio\/wp-json\/wp\/v2\/media\/641"}],"wp:attachment":[{"href":"https:\/\/www.elcarmelolima.edu.pe\/inicio\/wp-json\/wp\/v2\/media?parent=651"}],"wp:term":[{"taxonomy":"category","embeddable":true,"href":"https:\/\/www.elcarmelolima.edu.pe\/inicio\/wp-json\/wp\/v2\/categories?post=651"},{"taxonomy":"post_tag","embeddable":true,"href":"https:\/\/www.elcarmelolima.edu.pe\/inicio\/wp-json\/wp\/v2\/tags?post=651"}],"curies":[{"name":"wp","href":"https:\/\/api.w.org\/{rel}","templated":true}]}}